{"id":1338,"date":"2020-10-29T10:00:08","date_gmt":"2020-10-29T09:00:08","guid":{"rendered":"https:\/\/mobbec.com\/blog\/?p=1338"},"modified":"2024-10-15T10:03:25","modified_gmt":"2024-10-15T08:03:25","slug":"presentamos-el-thule-9110-wanderway-2","status":"publish","type":"post","link":"https:\/\/mobbec.com\/blog\/2020\/10\/29\/presentamos-el-thule-9110-wanderway-2\/","title":{"rendered":"Presentamos el Thule 9110 &#8211; WanderWay 2"},"content":{"rendered":"\n<p>En esta entrada del blog os presentamos el nuevo portabicicletas lanzado por la marca sueca Thule: <a href=\"https:\/\/www.mobbec.com\/portabicicletas\/410037-thule-9110-portabicicletas-wanderway-2.html\">9110- Wanderway 2<\/a>.<\/p>\n\n\n\n<p>La marca l\u00edder en el mercado se est\u00e1 haciendo cada vez m\u00e1s su hueco en el sector de caravanas y camper. Es por ello que han dise\u00f1ado un portabicicletas espec\u00edfico para una de las furgonetas m\u00e1s camperizadas, la Volkswagen T6.<\/p>\n\n\n\n<figure class=\"wp-block-image aligncenter\"><img loading=\"lazy\" width=\"900\" height=\"600\" src=\"https:\/\/mobbec.com\/blog\/wp-content\/uploads\/2020\/10\/9110-1.jpg\" alt=\"9110 (1)\" class=\"wp-image-1342\" srcset=\"https:\/\/mobbec.com\/blog\/wp-content\/uploads\/2020\/10\/9110-1.jpg 900w, https:\/\/mobbec.com\/blog\/wp-content\/uploads\/2020\/10\/9110-1-300x200.jpg 300w, https:\/\/mobbec.com\/blog\/wp-content\/uploads\/2020\/10\/9110-1-768x512.jpg 768w, https:\/\/mobbec.com\/blog\/wp-content\/uploads\/2020\/10\/9110-1-450x300.jpg 450w\" sizes=\"(max-width: 900px) 100vw, 900px\" \/><\/figure>\n\n\n\n<p>La tambi\u00e9n llamada Transporter, multivan o caravelle, est\u00e1 en lo m\u00e1s alto del ranking de furgonetas de tama\u00f1o medio para camperizar. Sus inicios, all\u00e1 por 1950 con la m\u00edtica transporter1 han ido evolucionando con sus modelos T2 en 1967, la T3 desde 1980, la famosa T4 con su techo elevable y sus grandes posibilidades desde 1991, la T5 que se comercializ\u00f3 desde 2003 hasta 2015 y ahora, la T6 que con su restyling en 2020 nos ha dejado adem\u00e1s una mejora est\u00e9tica del modelo. Desde el principio, Volkswagen ha demostrado que su furgoneta est\u00e1 a la altura y ofrece todo lo que un camper puede necesitar: gran espacio interior y f\u00e1cilmente adaptable y motores robustos que aguantan muchos kil\u00f3metros con los que poder disfrutarla al m\u00e1ximo. La popularidad tambi\u00e9n tiene la ventaja de que encontraremos mucha informaci\u00f3n, trucos y por supuesto, accesorios ya dise\u00f1ados y espec\u00edficos para ella como es este caso. En contra est\u00e1 el precio, pero como hemos visto, est\u00e1 sopesado.<\/p>\n\n\n\n<figure class=\"wp-block-image aligncenter\"><img loading=\"lazy\" width=\"1000\" height=\"295\" src=\"https:\/\/mobbec.com\/blog\/wp-content\/uploads\/2020\/10\/Transporter1.jpg\" alt=\"Transporter1\" class=\"wp-image-1346\" srcset=\"https:\/\/mobbec.com\/blog\/wp-content\/uploads\/2020\/10\/Transporter1.jpg 1000w, https:\/\/mobbec.com\/blog\/wp-content\/uploads\/2020\/10\/Transporter1-300x89.jpg 300w, https:\/\/mobbec.com\/blog\/wp-content\/uploads\/2020\/10\/Transporter1-768x227.jpg 768w\" sizes=\"(max-width: 1000px) 100vw, 1000px\" \/><\/figure>\n\n\n\n<p>El portabicicletas Thule 9110- Wanderway 2 nos ofrece la posibilidad de transportar hasta cuatro bicicletas sobre el port\u00f3n de nuestra VW T6 de manera c\u00f3moda y segura. Detallamos sus caracter\u00edsticas:<\/p>\n\n\n\n<ul><li>Su dise\u00f1o espec\u00edfico para este veh\u00edculo nos asegura una acople perfecto en todas sus fijaciones y una est\u00e9tica muy buena ya que no tendremos que lidiar con adaptadores ni gu\u00edas, solo ajustarlo y listo. Viene premontado, lo que mejora enormemente el tiempo de instalaci\u00f3n.<\/li><li>Al instalarlo queda en posici\u00f3n elevada, lo que nos permitir\u00e1 que queden visibles las luces traseras y matr\u00edcula. Nada de m\u00e1s desembolsos para a\u00f1adir porta matr\u00edculas.<\/li><\/ul>\n\n\n\n<figure class=\"wp-block-image aligncenter\"><img loading=\"lazy\" width=\"900\" height=\"600\" src=\"https:\/\/mobbec.com\/blog\/wp-content\/uploads\/2020\/10\/9110-5.jpg\" alt=\"9110 (5)\" class=\"wp-image-1345\" srcset=\"https:\/\/mobbec.com\/blog\/wp-content\/uploads\/2020\/10\/9110-5.jpg 900w, https:\/\/mobbec.com\/blog\/wp-content\/uploads\/2020\/10\/9110-5-300x200.jpg 300w, https:\/\/mobbec.com\/blog\/wp-content\/uploads\/2020\/10\/9110-5-768x512.jpg 768w, https:\/\/mobbec.com\/blog\/wp-content\/uploads\/2020\/10\/9110-5-450x300.jpg 450w\" sizes=\"(max-width: 900px) 100vw, 900px\" \/><\/figure>\n\n\n\n<ul><li>Otra ventaja es que podremos abrir el port\u00f3n sin necesidad de desinstalar el portabicicletas. Eso s\u00ed, no podremos hacerlo con las bicicletas instaladas.<\/li><li>El portabicicletas puede plegar la base, quedando plano respecto al port\u00f3n. Comodidad hasta cuando no lo estemos usando.<\/li><\/ul>\n\n\n\n<figure class=\"wp-block-image aligncenter\"><img loading=\"lazy\" width=\"900\" height=\"600\" src=\"https:\/\/mobbec.com\/blog\/wp-content\/uploads\/2020\/10\/9110-6.jpg\" alt=\"9110 (6)\" class=\"wp-image-1344\" srcset=\"https:\/\/mobbec.com\/blog\/wp-content\/uploads\/2020\/10\/9110-6.jpg 900w, https:\/\/mobbec.com\/blog\/wp-content\/uploads\/2020\/10\/9110-6-300x200.jpg 300w, https:\/\/mobbec.com\/blog\/wp-content\/uploads\/2020\/10\/9110-6-768x512.jpg 768w, https:\/\/mobbec.com\/blog\/wp-content\/uploads\/2020\/10\/9110-6-450x300.jpg 450w\" sizes=\"(max-width: 900px) 100vw, 900px\" \/><\/figure>\n\n\n\n<ul><li>Para cargar las bicicletas, disponemos de carriles f\u00e1ciles de ajustar y que se deslizan de izquierda a derecha, proporcion\u00e1ndonos compatibilidad con bicis de hasta 127 cm de distancia entre ruedas. Tama\u00f1os XL bienvenidos.<\/li><\/ul>\n\n\n\n<figure class=\"wp-block-image aligncenter\"><img loading=\"lazy\" width=\"900\" height=\"600\" src=\"https:\/\/mobbec.com\/blog\/wp-content\/uploads\/2020\/10\/9110-2.jpg\" alt=\"9110 (2)\" class=\"wp-image-1348\" srcset=\"https:\/\/mobbec.com\/blog\/wp-content\/uploads\/2020\/10\/9110-2.jpg 900w, https:\/\/mobbec.com\/blog\/wp-content\/uploads\/2020\/10\/9110-2-300x200.jpg 300w, https:\/\/mobbec.com\/blog\/wp-content\/uploads\/2020\/10\/9110-2-768x512.jpg 768w, https:\/\/mobbec.com\/blog\/wp-content\/uploads\/2020\/10\/9110-2-450x300.jpg 450w\" sizes=\"(max-width: 900px) 100vw, 900px\" \/><\/figure>\n\n\n\n<ul><li>Dispone de brazos desmontables con los que poder mover y fijar en la zona de la bici que m\u00e1s nos interese. Adem\u00e1s tienen los pomos con tecnolog\u00eda Thule AcuTight que hacen \u201cclic\u201d cuando logran el apriete \u00f3ptimo. De esta forma, no da\u00f1emos nuestras bicis y estemos seguros de que van bien sujetas. Incluyen cerradura antirrobo.<\/li><\/ul>\n\n\n\n<figure class=\"wp-block-image aligncenter\"><img loading=\"lazy\" width=\"900\" height=\"600\" src=\"https:\/\/mobbec.com\/blog\/wp-content\/uploads\/2020\/10\/9110-3.jpg\" alt=\"9110 (3)\" class=\"wp-image-1343\" srcset=\"https:\/\/mobbec.com\/blog\/wp-content\/uploads\/2020\/10\/9110-3.jpg 900w, https:\/\/mobbec.com\/blog\/wp-content\/uploads\/2020\/10\/9110-3-300x200.jpg 300w, https:\/\/mobbec.com\/blog\/wp-content\/uploads\/2020\/10\/9110-3-768x512.jpg 768w, https:\/\/mobbec.com\/blog\/wp-content\/uploads\/2020\/10\/9110-3-450x300.jpg 450w\" sizes=\"(max-width: 900px) 100vw, 900px\" \/><\/figure>\n\n\n\n<ul><li>Ser\u00e1 m\u00e1s f\u00e1cil y r\u00e1pido atar las ruedas gracias a las correas de hebilla con apertura r\u00e1pida y soporte ajustable.<\/li><\/ul>\n\n\n\n<figure class=\"wp-block-image aligncenter\"><img loading=\"lazy\" width=\"900\" height=\"600\" src=\"https:\/\/mobbec.com\/blog\/wp-content\/uploads\/2020\/10\/9110-4.jpg\" alt=\"9110 (4)\" class=\"wp-image-1347\" srcset=\"https:\/\/mobbec.com\/blog\/wp-content\/uploads\/2020\/10\/9110-4.jpg 900w, https:\/\/mobbec.com\/blog\/wp-content\/uploads\/2020\/10\/9110-4-300x200.jpg 300w, https:\/\/mobbec.com\/blog\/wp-content\/uploads\/2020\/10\/9110-4-768x512.jpg 768w, https:\/\/mobbec.com\/blog\/wp-content\/uploads\/2020\/10\/9110-4-450x300.jpg 450w\" sizes=\"(max-width: 900px) 100vw, 900px\" \/><\/figure>\n\n\n\n<ul><li>Posibilidad de transportar hasta 4 bicicletas. Para dos bicicletas de serie, pero ampliable a <a href=\"https:\/\/www.mobbec.com\/accesorios-portabicicletas\/410198-thule-91160-brazo-para-3-bicicleta-con-thule-wanderway.html\">3 bicis<\/a> o <a href=\"https:\/\/www.mobbec.com\/accesorios-portabicicletas\/410199-thule-91170-brazo-para-4-bicicleta-con-thule-wanderway.html\">4 bicis<\/a> con los adaptadores.<\/li><\/ul>\n\n\n\n<p>Combinamos gama alta de furgonetas con gama alta de portabicicletas de port\u00f3n y nos resulta este soporte de primera categor\u00eda que no puede faltar en nuestra camper.<\/p>\n\n\n<p><iframe loading=\"lazy\" title=\"Thule WanderWay\" width=\"640\" height=\"360\" src=\"https:\/\/www.youtube.com\/embed\/IhdmE4kbbQU?feature=oembed\" frameborder=\"0\" allow=\"accelerometer; autoplay; clipboard-write; encrypted-media; gyroscope; picture-in-picture; web-share\" referrerpolicy=\"strict-origin-when-cross-origin\" allowfullscreen><\/iframe><\/p>\n\n\n\n<p>Sigue atento a nuestro blog para m\u00e1s novedades sobre barras de techo, portaequipajes, portabicicletas, maleteros de techo (cofres), portakayaks, etc.<\/p>\n","protected":false},"excerpt":{"rendered":"<p>En esta entrada del blog os presentamos el nuevo portabicicletas lanzado por la marca sueca<\/p>\n","protected":false},"author":1,"featured_media":1352,"comment_status":"closed","ping_status":"closed","sticky":false,"template":"","format":"standard","meta":[],"categories":[1,6,3],"tags":[],"yoast_head":"<!-- This site is optimized with the Yoast SEO plugin v19.2 - https:\/\/yoast.com\/wordpress\/plugins\/seo\/ -->\n<title>Presentamos el Thule 9110 - WanderWay 2 - El Blog de Mobbec.com<\/title>\n<meta name=\"robots\" content=\"index, follow, max-snippet:-1, max-image-preview:large, max-video-preview:-1\" \/>\n<link rel=\"canonical\" href=\"https:\/\/mobbec.com\/blog\/2020\/10\/29\/presentamos-el-thule-9110-wanderway-2\/\" \/>\n<meta property=\"og:locale\" content=\"es_ES\" \/>\n<meta property=\"og:type\" content=\"article\" \/>\n<meta property=\"og:title\" content=\"Presentamos el Thule 9110 - WanderWay 2 - El Blog de Mobbec.com\" \/>\n<meta property=\"og:description\" content=\"En esta entrada del blog os presentamos el nuevo portabicicletas lanzado por la marca sueca\" \/>\n<meta property=\"og:url\" content=\"https:\/\/mobbec.com\/blog\/2020\/10\/29\/presentamos-el-thule-9110-wanderway-2\/\" \/>\n<meta property=\"og:site_name\" content=\"El Blog de Mobbec.com\" \/>\n<meta property=\"article:author\" content=\"https:\/\/es-es.facebook.com\/Mobbec\/\" \/>\n<meta property=\"article:published_time\" content=\"2020-10-29T09:00:08+00:00\" \/>\n<meta property=\"article:modified_time\" content=\"2024-10-15T08:03:25+00:00\" \/>\n<meta property=\"og:image\" content=\"https:\/\/mobbec.com\/blog\/wp-content\/uploads\/2020\/10\/portada-1.jpg\" \/>\n\t<meta property=\"og:image:width\" content=\"900\" \/>\n\t<meta property=\"og:image:height\" content=\"600\" \/>\n\t<meta property=\"og:image:type\" content=\"image\/jpeg\" \/>\n<meta name=\"author\" content=\"Mobbec\" \/>\n<meta name=\"twitter:card\" content=\"summary_large_image\" \/>\n<meta name=\"twitter:label1\" content=\"Escrito por\" \/>\n\t<meta name=\"twitter:data1\" content=\"Mobbec\" \/>\n\t<meta name=\"twitter:label2\" content=\"Tiempo de lectura\" \/>\n\t<meta name=\"twitter:data2\" content=\"4 minutos\" \/>\n<script type=\"application\/ld+json\" class=\"yoast-schema-graph\">{\"@context\":\"https:\/\/schema.org\",\"@graph\":[{\"@type\":\"WebSite\",\"@id\":\"https:\/\/mobbec.com\/blog\/#website\",\"url\":\"https:\/\/mobbec.com\/blog\/\",\"name\":\"El Blog de Mobbec.com\",\"description\":\"Tienda online que ofrece soluciones outodoor o profesional para tu veh\u00edculo: baca coche, portaequipajes, portabicicletas, portaperros, etc.\",\"potentialAction\":[{\"@type\":\"SearchAction\",\"target\":{\"@type\":\"EntryPoint\",\"urlTemplate\":\"https:\/\/mobbec.com\/blog\/?s={search_term_string}\"},\"query-input\":\"required name=search_term_string\"}],\"inLanguage\":\"es\"},{\"@type\":\"ImageObject\",\"inLanguage\":\"es\",\"@id\":\"https:\/\/mobbec.com\/blog\/2020\/10\/29\/presentamos-el-thule-9110-wanderway-2\/#primaryimage\",\"url\":\"https:\/\/mobbec.com\/blog\/wp-content\/uploads\/2020\/10\/portada-1.jpg\",\"contentUrl\":\"https:\/\/mobbec.com\/blog\/wp-content\/uploads\/2020\/10\/portada-1.jpg\",\"width\":900,\"height\":600},{\"@type\":\"WebPage\",\"@id\":\"https:\/\/mobbec.com\/blog\/2020\/10\/29\/presentamos-el-thule-9110-wanderway-2\/#webpage\",\"url\":\"https:\/\/mobbec.com\/blog\/2020\/10\/29\/presentamos-el-thule-9110-wanderway-2\/\",\"name\":\"Presentamos el Thule 9110 - WanderWay 2 - El Blog de Mobbec.com\",\"isPartOf\":{\"@id\":\"https:\/\/mobbec.com\/blog\/#website\"},\"primaryImageOfPage\":{\"@id\":\"https:\/\/mobbec.com\/blog\/2020\/10\/29\/presentamos-el-thule-9110-wanderway-2\/#primaryimage\"},\"datePublished\":\"2020-10-29T09:00:08+00:00\",\"dateModified\":\"2024-10-15T08:03:25+00:00\",\"author\":{\"@id\":\"https:\/\/mobbec.com\/blog\/#\/schema\/person\/ea083a98cdb6031b6dfc1faf3ab350a2\"},\"breadcrumb\":{\"@id\":\"https:\/\/mobbec.com\/blog\/2020\/10\/29\/presentamos-el-thule-9110-wanderway-2\/#breadcrumb\"},\"inLanguage\":\"es\",\"potentialAction\":[{\"@type\":\"ReadAction\",\"target\":[\"https:\/\/mobbec.com\/blog\/2020\/10\/29\/presentamos-el-thule-9110-wanderway-2\/\"]}]},{\"@type\":\"BreadcrumbList\",\"@id\":\"https:\/\/mobbec.com\/blog\/2020\/10\/29\/presentamos-el-thule-9110-wanderway-2\/#breadcrumb\",\"itemListElement\":[{\"@type\":\"ListItem\",\"position\":1,\"name\":\"Portada\",\"item\":\"https:\/\/mobbec.com\/blog\/\"},{\"@type\":\"ListItem\",\"position\":2,\"name\":\"Presentamos el Thule 9110 &#8211; WanderWay 2\"}]},{\"@type\":\"Person\",\"@id\":\"https:\/\/mobbec.com\/blog\/#\/schema\/person\/ea083a98cdb6031b6dfc1faf3ab350a2\",\"name\":\"Mobbec\",\"image\":{\"@type\":\"ImageObject\",\"inLanguage\":\"es\",\"@id\":\"https:\/\/mobbec.com\/blog\/#\/schema\/person\/image\/\",\"url\":\"https:\/\/secure.gravatar.com\/avatar\/76699afd7b2b16640b67e4ed47af22b7?s=96&d=mm&r=g\",\"contentUrl\":\"https:\/\/secure.gravatar.com\/avatar\/76699afd7b2b16640b67e4ed47af22b7?s=96&d=mm&r=g\",\"caption\":\"Mobbec\"},\"description\":\"Tienda online que ofrece soluciones outodoor o profesional para tu veh\u00edculo: baca coche, portaequipajes, portabicicletas, portaperros, etc.\",\"sameAs\":[\"http:\/\/www.mobbec.com\",\"https:\/\/es-es.facebook.com\/Mobbec\/\",\"https:\/\/www.instagram.com\/mobbec_store\/\",\"https:\/\/www.youtube.com\/user\/mobbec\"],\"url\":\"https:\/\/mobbec.com\/blog\/author\/infomobbec-com\/\"}]}<\/script>\n<!-- \/ Yoast SEO plugin. -->","yoast_head_json":{"title":"Presentamos el Thule 9110 - WanderWay 2 - El Blog de Mobbec.com","robots":{"index":"index","follow":"follow","max-snippet":"max-snippet:-1","max-image-preview":"max-image-preview:large","max-video-preview":"max-video-preview:-1"},"canonical":"https:\/\/mobbec.com\/blog\/2020\/10\/29\/presentamos-el-thule-9110-wanderway-2\/","og_locale":"es_ES","og_type":"article","og_title":"Presentamos el Thule 9110 - WanderWay 2 - El Blog de Mobbec.com","og_description":"En esta entrada del blog os presentamos el nuevo portabicicletas lanzado por la marca sueca","og_url":"https:\/\/mobbec.com\/blog\/2020\/10\/29\/presentamos-el-thule-9110-wanderway-2\/","og_site_name":"El Blog de Mobbec.com","article_author":"https:\/\/es-es.facebook.com\/Mobbec\/","article_published_time":"2020-10-29T09:00:08+00:00","article_modified_time":"2024-10-15T08:03:25+00:00","og_image":[{"width":900,"height":600,"url":"https:\/\/mobbec.com\/blog\/wp-content\/uploads\/2020\/10\/portada-1.jpg","type":"image\/jpeg"}],"author":"Mobbec","twitter_card":"summary_large_image","twitter_misc":{"Escrito por":"Mobbec","Tiempo de lectura":"4 minutos"},"schema":{"@context":"https:\/\/schema.org","@graph":[{"@type":"WebSite","@id":"https:\/\/mobbec.com\/blog\/#website","url":"https:\/\/mobbec.com\/blog\/","name":"El Blog de Mobbec.com","description":"Tienda online que ofrece soluciones outodoor o profesional para tu veh\u00edculo: baca coche, portaequipajes, portabicicletas, portaperros, etc.","potentialAction":[{"@type":"SearchAction","target":{"@type":"EntryPoint","urlTemplate":"https:\/\/mobbec.com\/blog\/?s={search_term_string}"},"query-input":"required name=search_term_string"}],"inLanguage":"es"},{"@type":"ImageObject","inLanguage":"es","@id":"https:\/\/mobbec.com\/blog\/2020\/10\/29\/presentamos-el-thule-9110-wanderway-2\/#primaryimage","url":"https:\/\/mobbec.com\/blog\/wp-content\/uploads\/2020\/10\/portada-1.jpg","contentUrl":"https:\/\/mobbec.com\/blog\/wp-content\/uploads\/2020\/10\/portada-1.jpg","width":900,"height":600},{"@type":"WebPage","@id":"https:\/\/mobbec.com\/blog\/2020\/10\/29\/presentamos-el-thule-9110-wanderway-2\/#webpage","url":"https:\/\/mobbec.com\/blog\/2020\/10\/29\/presentamos-el-thule-9110-wanderway-2\/","name":"Presentamos el Thule 9110 - WanderWay 2 - El Blog de Mobbec.com","isPartOf":{"@id":"https:\/\/mobbec.com\/blog\/#website"},"primaryImageOfPage":{"@id":"https:\/\/mobbec.com\/blog\/2020\/10\/29\/presentamos-el-thule-9110-wanderway-2\/#primaryimage"},"datePublished":"2020-10-29T09:00:08+00:00","dateModified":"2024-10-15T08:03:25+00:00","author":{"@id":"https:\/\/mobbec.com\/blog\/#\/schema\/person\/ea083a98cdb6031b6dfc1faf3ab350a2"},"breadcrumb":{"@id":"https:\/\/mobbec.com\/blog\/2020\/10\/29\/presentamos-el-thule-9110-wanderway-2\/#breadcrumb"},"inLanguage":"es","potentialAction":[{"@type":"ReadAction","target":["https:\/\/mobbec.com\/blog\/2020\/10\/29\/presentamos-el-thule-9110-wanderway-2\/"]}]},{"@type":"BreadcrumbList","@id":"https:\/\/mobbec.com\/blog\/2020\/10\/29\/presentamos-el-thule-9110-wanderway-2\/#breadcrumb","itemListElement":[{"@type":"ListItem","position":1,"name":"Portada","item":"https:\/\/mobbec.com\/blog\/"},{"@type":"ListItem","position":2,"name":"Presentamos el Thule 9110 &#8211; WanderWay 2"}]},{"@type":"Person","@id":"https:\/\/mobbec.com\/blog\/#\/schema\/person\/ea083a98cdb6031b6dfc1faf3ab350a2","name":"Mobbec","image":{"@type":"ImageObject","inLanguage":"es","@id":"https:\/\/mobbec.com\/blog\/#\/schema\/person\/image\/","url":"https:\/\/secure.gravatar.com\/avatar\/76699afd7b2b16640b67e4ed47af22b7?s=96&d=mm&r=g","contentUrl":"https:\/\/secure.gravatar.com\/avatar\/76699afd7b2b16640b67e4ed47af22b7?s=96&d=mm&r=g","caption":"Mobbec"},"description":"Tienda online que ofrece soluciones outodoor o profesional para tu veh\u00edculo: baca coche, portaequipajes, portabicicletas, portaperros, etc.","sameAs":["http:\/\/www.mobbec.com","https:\/\/es-es.facebook.com\/Mobbec\/","https:\/\/www.instagram.com\/mobbec_store\/","https:\/\/www.youtube.com\/user\/mobbec"],"url":"https:\/\/mobbec.com\/blog\/author\/infomobbec-com\/"}]}},"_links":{"self":[{"href":"https:\/\/mobbec.com\/blog\/wp-json\/wp\/v2\/posts\/1338"}],"collection":[{"href":"https:\/\/mobbec.com\/blog\/wp-json\/wp\/v2\/posts"}],"about":[{"href":"https:\/\/mobbec.com\/blog\/wp-json\/wp\/v2\/types\/post"}],"author":[{"embeddable":true,"href":"https:\/\/mobbec.com\/blog\/wp-json\/wp\/v2\/users\/1"}],"replies":[{"embeddable":true,"href":"https:\/\/mobbec.com\/blog\/wp-json\/wp\/v2\/comments?post=1338"}],"version-history":[{"count":9,"href":"https:\/\/mobbec.com\/blog\/wp-json\/wp\/v2\/posts\/1338\/revisions"}],"predecessor-version":[{"id":2492,"href":"https:\/\/mobbec.com\/blog\/wp-json\/wp\/v2\/posts\/1338\/revisions\/2492"}],"wp:featuredmedia":[{"embeddable":true,"href":"https:\/\/mobbec.com\/blog\/wp-json\/wp\/v2\/media\/1352"}],"wp:attachment":[{"href":"https:\/\/mobbec.com\/blog\/wp-json\/wp\/v2\/media?parent=1338"}],"wp:term":[{"taxonomy":"category","embeddable":true,"href":"https:\/\/mobbec.com\/blog\/wp-json\/wp\/v2\/categories?post=1338"},{"taxonomy":"post_tag","embeddable":true,"href":"https:\/\/mobbec.com\/blog\/wp-json\/wp\/v2\/tags?post=1338"}],"curies":[{"name":"wp","href":"https:\/\/api.w.org\/{rel}","templated":true}]}}